{"id":5530,"date":"2025-11-19T11:12:46","date_gmt":"2025-11-19T10:12:46","guid":{"rendered":"https:\/\/iedib.net\/wordpress\/?p=5530"},"modified":"2025-11-19T11:55:45","modified_gmt":"2025-11-19T10:55:45","slug":"3dtalks-xerrada-amb-pablo-sahuquillo","status":"publish","type":"post","link":"https:\/\/iedib.net\/wordpress\/?p=5530","title":{"rendered":"3D Talks! Xerrada amb Pablo Sahuquillo"},"content":{"rendered":"\n<p>Aquest&nbsp;dijous a les 17 hores&nbsp;conversarem amb&nbsp;en&nbsp;<strong>Pablo Sahuquillo<\/strong>, dissenyador de fons per a animaci\u00f3 i desenvolupador visual, autor dels backgrounds de les pel\u00b7l\u00edcules&nbsp;<strong><em><a href=\"https:\/\/www.imdb.com\/title\/tt13429870\/?ref_=fn_t_1\" target=\"_blank\" rel=\"noreferrer noopener\">Robot Dreams<\/a><\/em>&nbsp;<\/strong>(guanyadora d\u2019un Goya) i&nbsp;<em><strong><a href=\"https:\/\/www.imdb.com\/title\/tt26923383\/?ref_=fn_t_1\" target=\"_blank\" rel=\"noreferrer noopener\">Decorado<\/a>&nbsp;<\/strong><\/em>(estrada enguany).&nbsp;<\/p>\n\n\n\n<p>Podeu accedir a la<strong> retransmissi\u00f3 en directe<\/strong> a trav\u00e9s del nostre canal Youtube <a href=\"https:\/\/www.youtube.com\/@Animacio3D_IEDIB\" target=\"_blank\" rel=\"noreferrer noopener\">@Animacio3D_IEDIB<\/a> o clicant a aquest<a href=\"https:\/\/www.youtube.com\/watch?v=T4IWdXDdxOY\" target=\"_blank\" rel=\"noreferrer noopener\"> ENLLA\u00c7 DIRECTE<\/a>.<\/p>\n\n\n\n<figure class=\"wp-block-embed is-type-rich is-provider-gestor-del-servei wp-block-embed-gestor-del-servei wp-embed-aspect-16-9 wp-has-aspect-ratio\"><div class=\"wp-block-embed__wrapper\">\n<span class=\"embed-youtube\" style=\"text-align:center; display: block;\"><iframe loading=\"lazy\" class=\"youtube-player\" width=\"800\" height=\"450\" src=\"https:\/\/www.youtube.com\/embed\/T4IWdXDdxOY?version=3&#038;rel=1&#038;showsearch=0&#038;showinfo=1&#038;iv_load_policy=1&#038;fs=1&#038;hl=ca&#038;autohide=2&#038;wmode=transparent\" allowfullscreen=\"true\" style=\"border:0;\" sandbox=\"allow-scripts allow-same-origin allow-popups allow-presentation allow-popups-to-escape-sandbox\"><\/iframe><\/span>\n<\/div><\/figure>\n\n\n\n<p>La xerrada tendr\u00e0 format d&#8217;entrevista amb&nbsp;<strong>mostra de treballs<\/strong>&nbsp;i&nbsp;<strong>dibuix en directe<\/strong>. A m\u00e9s, es formularan les preguntes que els espectadors plantegeu a trav\u00e9s del xat del canal.&nbsp;<\/p>\n\n\n\n<p>Aquesta videoconfer\u00e8ncia&nbsp;es dur\u00e0 a terme en el marc de&nbsp;<strong>3D&nbsp;Talks!&nbsp;<\/strong><strong>Cicle de xerrades&nbsp;<\/strong><strong>amb professionals del sector<\/strong>&nbsp;<strong>de l\u2019animaci\u00f3 i els videojocs<\/strong>&nbsp;que organitzam des del&nbsp;<strong>Departament d\u2019Animacions,&nbsp;3D, Jocs i Entorns Interactius<\/strong>&nbsp;de l&#8217;IEDIB. L&#8217;objectiu d&#8217;apropar a l&#8217;alumnat els secrets, les tend\u00e8ncies i les oportunitats d&#8217;un sector audiovisual en plena evoluci\u00f3.&nbsp;<\/p>\n\n\n\n<p>Us animam a participar-hi i compartir-ho amb els vostres alumnes!&nbsp;<br><\/p>\n\n\n\n<p class=\"has-vivid-cyan-blue-color has-text-color has-link-color wp-elements-c097c04d23ad1265af06f53773da93ba\">El Departament d&#8217;<strong>Animaci\u00f3 i&nbsp;3D<\/strong><\/p>\n\n\n\n<div class=\"wp-block-columns is-layout-flex wp-container-core-columns-is-layout-9d6595d7 wp-block-columns-is-layout-flex\">\n<div class=\"wp-block-column is-layout-flow wp-block-column-is-layout-flow\">\n<iframe width=\"200\" src=\"https:\/\/www.youtube.com\/embed\/0CHV_ZDlhrA?si=gR-qRgKIFPLMUVWo\" title=\"YouTube video player\" frameborder=\"0\" allow=\"accelerometer; autoplay; clipboard-write; encrypted-media; gyroscope; picture-in-picture; web-share\" referrerpolicy=\"strict-origin-when-cross-origin\" allowfullscreen><\/iframe>\n<\/div>\n\n\n\n<div class=\"wp-block-column is-layout-flow wp-block-column-is-layout-flow\">\n<iframe width=\"200\" src=\"https:\/\/www.youtube.com\/embed\/V71F00Hoa2k?si=vqAB5tjJycT8eNDn\" title=\"YouTube video player\" frameborder=\"0\" allow=\"accelerometer; autoplay; clipboard-write; encrypted-media; gyroscope; picture-in-picture; web-share\" referrerpolicy=\"strict-origin-when-cross-origin\" allowfullscreen><\/iframe>\n<\/div>\n<\/div>\n\n\n\n<p><\/p>\n","protected":false},"excerpt":{"rendered":"<p>Aquest&nbsp;dijous a les 17 hores&nbsp;conversarem amb&nbsp;en&nbsp;Pablo Sahuquillo, dissenyador de fons per a animaci\u00f3 i desenvolupador visual, autor dels backgrounds de les pel\u00b7l\u00edcules&nbsp;Robot Dreams&nbsp;(guanyadora d\u2019un Goya) i&nbsp;Decorado&nbsp;(estrada enguany).&nbsp; Podeu accedir a &#8230;<\/p>\n","protected":false},"author":1,"featured_media":5531,"comment_status":"closed","ping_status":"closed","sticky":false,"template":"","format":"standard","meta":{"jetpack_post_was_ever_published":false,"_jetpack_newsletter_access":"","_jetpack_dont_email_post_to_subs":false,"_jetpack_newsletter_tier_id":0,"_jetpack_memberships_contains_paywalled_content":false,"_jetpack_memberships_contains_paid_content":false,"footnotes":"","jetpack_publicize_message":"","jetpack_publicize_feature_enabled":true,"jetpack_social_post_already_shared":true,"jetpack_social_options":{"image_generator_settings":{"template":"highway","default_image_id":0,"font":"","enabled":false},"version":2}},"categories":[2],"tags":[],"class_list":["post-5530","post","type-post","status-publish","format-standard","has-post-thumbnail","hentry","category-novetats"],"jetpack_publicize_connections":[],"jetpack_featured_media_url":"https:\/\/i0.wp.com\/iedib.net\/wordpress\/wp-content\/uploads\/2025\/11\/sahuquillo.png?fit=778%2C481&ssl=1","jetpack_sharing_enabled":true,"jetpack_shortlink":"https:\/\/wp.me\/pa5Owj-1rc","jetpack-related-posts":[{"id":2512,"url":"https:\/\/iedib.net\/wordpress\/?p=2512","url_meta":{"origin":5530,"position":0},"title":"Presentaci\u00f3 telem\u00e0tica curs 20-21","author":"wp_admin","date":"28 setembre, 2020","format":false,"excerpt":"El dia 29 de setembre, a les 18:00h, podreu seguir la presentaci\u00f3 del curs acad\u00e8mic 20-21. La presentaci\u00f3 es far\u00e0 per emissi\u00f3 en directe per Youtube. Podreu fer preguntes pel xat de la mateixa emissi\u00f3 i quedar\u00e0 gravada al canal de Youtube de l'IEDIB. Per entrar a l'emissi\u00f3 heu de\u2026","rel":"","context":"A &quot;Novetats&quot;","block_context":{"text":"Novetats","link":"https:\/\/iedib.net\/wordpress\/?cat=2"},"img":{"alt_text":"","src":"https:\/\/i0.wp.com\/iedib.net\/wordpress\/wp-content\/uploads\/2020\/09\/INICI-DE-MATRICULA.png?fit=1200%2C628&ssl=1&resize=350%2C200","width":350,"height":200,"srcset":"https:\/\/i0.wp.com\/iedib.net\/wordpress\/wp-content\/uploads\/2020\/09\/INICI-DE-MATRICULA.png?fit=1200%2C628&ssl=1&resize=350%2C200 1x, https:\/\/i0.wp.com\/iedib.net\/wordpress\/wp-content\/uploads\/2020\/09\/INICI-DE-MATRICULA.png?fit=1200%2C628&ssl=1&resize=525%2C300 1.5x, https:\/\/i0.wp.com\/iedib.net\/wordpress\/wp-content\/uploads\/2020\/09\/INICI-DE-MATRICULA.png?fit=1200%2C628&ssl=1&resize=700%2C400 2x, https:\/\/i0.wp.com\/iedib.net\/wordpress\/wp-content\/uploads\/2020\/09\/INICI-DE-MATRICULA.png?fit=1200%2C628&ssl=1&resize=1050%2C600 3x"},"classes":[]},{"id":2906,"url":"https:\/\/iedib.net\/wordpress\/?p=2906","url_meta":{"origin":5530,"position":1},"title":"Presentaci\u00f3 telem\u00e0tica curs 21-22","author":"wp_admin","date":"6 setembre, 2021","format":false,"excerpt":"El dia 30 de setembre, a les 18:00\u202fh, podreu seguir la presentaci\u00f3 del curs acad\u00e8mic 21-22. La presentaci\u00f3 es far\u00e0 per emissi\u00f3 en directe per YouTube. Podreu fer preguntes pel xat de la mateixa emissi\u00f3 i quedar\u00e0 gravada al canal de YouTube de l'IEDIB. Per entrar a l'emissi\u00f3 heu de\u2026","rel":"","context":"A &quot;Novetats&quot;","block_context":{"text":"Novetats","link":"https:\/\/iedib.net\/wordpress\/?cat=2"},"img":{"alt_text":"","src":"https:\/\/i0.wp.com\/iedib.net\/wordpress\/wp-content\/uploads\/2019\/05\/calendar-660670_640-e1558626381360.jpg?fit=373%2C280&ssl=1&resize=350%2C200","width":350,"height":200},"classes":[]},{"id":3013,"url":"https:\/\/iedib.net\/wordpress\/?p=3013","url_meta":{"origin":5530,"position":2},"title":"Presentaci\u00f3 telem\u00e0tica curs 21-22 (Emissi\u00f3 per YouTube)","author":"wp_admin","date":"30 setembre, 2021","format":false,"excerpt":"Recordeu que avui, dia 30 de setembre, a les 18:00\u202fh, podreu seguir la presentaci\u00f3 del curs acad\u00e8mic 21-22. La presentaci\u00f3 es far\u00e0 per emissi\u00f3 en directe per YouTube. Podreu fer preguntes pel xat de la mateixa emissi\u00f3 o pels comentaris d\u2019aquesta. A m\u00e9s, quedar\u00e0 gravada al canal de YouTube de\u2026","rel":"","context":"A &quot;Novetats&quot;","block_context":{"text":"Novetats","link":"https:\/\/iedib.net\/wordpress\/?cat=2"},"img":{"alt_text":"","src":"https:\/\/i0.wp.com\/iedib.net\/wordpress\/wp-content\/uploads\/2021\/09\/FONDO-YOUTUBE.jpg?fit=1200%2C628&ssl=1&resize=350%2C200","width":350,"height":200,"srcset":"https:\/\/i0.wp.com\/iedib.net\/wordpress\/wp-content\/uploads\/2021\/09\/FONDO-YOUTUBE.jpg?fit=1200%2C628&ssl=1&resize=350%2C200 1x, https:\/\/i0.wp.com\/iedib.net\/wordpress\/wp-content\/uploads\/2021\/09\/FONDO-YOUTUBE.jpg?fit=1200%2C628&ssl=1&resize=525%2C300 1.5x, https:\/\/i0.wp.com\/iedib.net\/wordpress\/wp-content\/uploads\/2021\/09\/FONDO-YOUTUBE.jpg?fit=1200%2C628&ssl=1&resize=700%2C400 2x, https:\/\/i0.wp.com\/iedib.net\/wordpress\/wp-content\/uploads\/2021\/09\/FONDO-YOUTUBE.jpg?fit=1200%2C628&ssl=1&resize=1050%2C600 3x"},"classes":[]},{"id":477,"url":"https:\/\/iedib.net\/wordpress\/?p=477","url_meta":{"origin":5530,"position":3},"title":"Matr\u00edcula programa xarxa oberta","author":"wp_admin","date":"12 juliol, 2018","format":false,"excerpt":"Matr\u00edcula oberta fins dia 28 de setembre. L\u2019alumnat que vulgui cursar una o m\u00e9s mat\u00e8ries a dist\u00e0ncia, haur\u00e0 de \u00a0formalitzar la matr\u00edcula presentant una sol\u00b7licitud al seu centre d\u2019origen\u00a0(en el qual est\u00e0 matriculat per a la resta d\u2019assignatures) i en cap cas directament a l'IEDIB . Aquest impr\u00e8s l'ha de\u2026","rel":"","context":"A &quot;Novetats&quot;","block_context":{"text":"Novetats","link":"https:\/\/iedib.net\/wordpress\/?cat=2"},"img":{"alt_text":"","src":"","width":0,"height":0},"classes":[]},{"id":1583,"url":"https:\/\/iedib.net\/wordpress\/?p=1583","url_meta":{"origin":5530,"position":4},"title":"Jornada d&#8217;ensenyaments a dist\u00e0ncia per a equips d&#8217;orientaci\u00f3","author":"wp_admin","date":"17 maig, 2019","format":false,"excerpt":"\u00a0 L'Institut d'Ensenyaments a Dist\u00e0ncia de les Illes Balears (IEDIB) us convida a la jornada dirigida a orientadors o persones relacionades amb el proc\u00e9s d'orientaci\u00f3 que tindr\u00e0 lloc el pr\u00f2xim divendres, dia 31 de maig, a les 12h, a Mallorca (seu de l'IEDIB,\u00a0C\/Salv\u00e0 14, Palma), Menorca (CEP de Menorca,\u00a0C\/ Mallorca,\u2026","rel":"","context":"A &quot;Novetats&quot;","block_context":{"text":"Novetats","link":"https:\/\/iedib.net\/wordpress\/?cat=2"},"img":{"alt_text":"","src":"https:\/\/i0.wp.com\/iedib.net\/wordpress\/wp-content\/uploads\/2018\/07\/cropped-iedib-2-1.jpg?fit=1200%2C399&ssl=1&resize=350%2C200","width":350,"height":200,"srcset":"https:\/\/i0.wp.com\/iedib.net\/wordpress\/wp-content\/uploads\/2018\/07\/cropped-iedib-2-1.jpg?fit=1200%2C399&ssl=1&resize=350%2C200 1x, https:\/\/i0.wp.com\/iedib.net\/wordpress\/wp-content\/uploads\/2018\/07\/cropped-iedib-2-1.jpg?fit=1200%2C399&ssl=1&resize=525%2C300 1.5x, https:\/\/i0.wp.com\/iedib.net\/wordpress\/wp-content\/uploads\/2018\/07\/cropped-iedib-2-1.jpg?fit=1200%2C399&ssl=1&resize=700%2C400 2x, https:\/\/i0.wp.com\/iedib.net\/wordpress\/wp-content\/uploads\/2018\/07\/cropped-iedib-2-1.jpg?fit=1200%2C399&ssl=1&resize=1050%2C600 3x"},"classes":[]}],"_links":{"self":[{"href":"https:\/\/iedib.net\/wordpress\/index.php?rest_route=\/wp\/v2\/posts\/5530","targetHints":{"allow":["GET"]}}],"collection":[{"href":"https:\/\/iedib.net\/wordpress\/index.php?rest_route=\/wp\/v2\/posts"}],"about":[{"href":"https:\/\/iedib.net\/wordpress\/index.php?rest_route=\/wp\/v2\/types\/post"}],"author":[{"embeddable":true,"href":"https:\/\/iedib.net\/wordpress\/index.php?rest_route=\/wp\/v2\/users\/1"}],"replies":[{"embeddable":true,"href":"https:\/\/iedib.net\/wordpress\/index.php?rest_route=%2Fwp%2Fv2%2Fcomments&post=5530"}],"version-history":[{"count":8,"href":"https:\/\/iedib.net\/wordpress\/index.php?rest_route=\/wp\/v2\/posts\/5530\/revisions"}],"predecessor-version":[{"id":5540,"href":"https:\/\/iedib.net\/wordpress\/index.php?rest_route=\/wp\/v2\/posts\/5530\/revisions\/5540"}],"wp:featuredmedia":[{"embeddable":true,"href":"https:\/\/iedib.net\/wordpress\/index.php?rest_route=\/wp\/v2\/media\/5531"}],"wp:attachment":[{"href":"https:\/\/iedib.net\/wordpress\/index.php?rest_route=%2Fwp%2Fv2%2Fmedia&parent=5530"}],"wp:term":[{"taxonomy":"category","embeddable":true,"href":"https:\/\/iedib.net\/wordpress\/index.php?rest_route=%2Fwp%2Fv2%2Fcategories&post=5530"},{"taxonomy":"post_tag","embeddable":true,"href":"https:\/\/iedib.net\/wordpress\/index.php?rest_route=%2Fwp%2Fv2%2Ftags&post=5530"}],"curies":[{"name":"wp","href":"https:\/\/api.w.org\/{rel}","templated":true}]}}