{"id":4921,"date":"2024-11-22T10:20:36","date_gmt":"2024-11-22T09:20:36","guid":{"rendered":"https:\/\/iedib.net\/wordpress\/?p=4921"},"modified":"2024-11-22T13:16:24","modified_gmt":"2024-11-22T12:16:24","slug":"cicle-de-xerrades-amb-professionals-del-sector-de-lanimacio-i-els-videojocs","status":"publish","type":"post","link":"https:\/\/iedib.net\/wordpress\/?p=4921","title":{"rendered":"Cicle de xerrades amb professionals del sector de l\u2019animaci\u00f3 i els videojocs"},"content":{"rendered":"\n<figure class=\"wp-block-image size-large\"><img data-recalc-dims=\"1\" loading=\"lazy\" decoding=\"async\" width=\"800\" height=\"450\" data-attachment-id=\"4922\" data-permalink=\"https:\/\/iedib.net\/wordpress\/?attachment_id=4922\" data-orig-file=\"https:\/\/i0.wp.com\/iedib.net\/wordpress\/wp-content\/uploads\/2024\/11\/Xerrada-Ana-Sunra-26N24-2br.png?fit=6668%2C3751&amp;ssl=1\" data-orig-size=\"6668,3751\" data-comments-opened=\"0\" data-image-meta=\"{&quot;aperture&quot;:&quot;0&quot;,&quot;credit&quot;:&quot;&quot;,&quot;camera&quot;:&quot;&quot;,&quot;caption&quot;:&quot;&quot;,&quot;created_timestamp&quot;:&quot;0&quot;,&quot;copyright&quot;:&quot;&quot;,&quot;focal_length&quot;:&quot;0&quot;,&quot;iso&quot;:&quot;0&quot;,&quot;shutter_speed&quot;:&quot;0&quot;,&quot;title&quot;:&quot;&quot;,&quot;orientation&quot;:&quot;0&quot;}\" data-image-title=\"Xerrada-Ana-Sunra-26N24-2br\" data-image-description=\"\" data-image-caption=\"\" data-large-file=\"https:\/\/i0.wp.com\/iedib.net\/wordpress\/wp-content\/uploads\/2024\/11\/Xerrada-Ana-Sunra-26N24-2br.png?fit=800%2C450&amp;ssl=1\" src=\"https:\/\/i0.wp.com\/iedib.net\/wordpress\/wp-content\/uploads\/2024\/11\/Xerrada-Ana-Sunra-26N24-2br.png?resize=800%2C450&#038;ssl=1\" alt=\"\" class=\"wp-image-4922\" srcset=\"https:\/\/i0.wp.com\/iedib.net\/wordpress\/wp-content\/uploads\/2024\/11\/Xerrada-Ana-Sunra-26N24-2br.png?resize=1024%2C576&amp;ssl=1 1024w, https:\/\/i0.wp.com\/iedib.net\/wordpress\/wp-content\/uploads\/2024\/11\/Xerrada-Ana-Sunra-26N24-2br.png?resize=300%2C169&amp;ssl=1 300w, https:\/\/i0.wp.com\/iedib.net\/wordpress\/wp-content\/uploads\/2024\/11\/Xerrada-Ana-Sunra-26N24-2br.png?resize=150%2C84&amp;ssl=1 150w, https:\/\/i0.wp.com\/iedib.net\/wordpress\/wp-content\/uploads\/2024\/11\/Xerrada-Ana-Sunra-26N24-2br.png?resize=768%2C432&amp;ssl=1 768w, https:\/\/i0.wp.com\/iedib.net\/wordpress\/wp-content\/uploads\/2024\/11\/Xerrada-Ana-Sunra-26N24-2br.png?resize=1536%2C864&amp;ssl=1 1536w, https:\/\/i0.wp.com\/iedib.net\/wordpress\/wp-content\/uploads\/2024\/11\/Xerrada-Ana-Sunra-26N24-2br.png?resize=2048%2C1152&amp;ssl=1 2048w, https:\/\/i0.wp.com\/iedib.net\/wordpress\/wp-content\/uploads\/2024\/11\/Xerrada-Ana-Sunra-26N24-2br.png?w=1600&amp;ssl=1 1600w, https:\/\/i0.wp.com\/iedib.net\/wordpress\/wp-content\/uploads\/2024\/11\/Xerrada-Ana-Sunra-26N24-2br.png?w=2400&amp;ssl=1 2400w\" sizes=\"auto, (max-width: 800px) 100vw, 800px\" \/><\/figure>\n\n\n\n<p><\/p>\n\n\n\n<p>Al Departament d\u2019<strong>Animacions, 3D, Videojocs i Entorns Interactius<\/strong>, organitza un cicle de xerrades amb professionals del sector de l\u2019animaci\u00f3 i els videojocs.\u00a0 Aquestes converses tenen l&#8217;objectiu d&#8217;aportar informaci\u00f3 valuosa als nostres estudiants pel que fa a sortides professionals i caracter\u00edstiques del treball dins aquest mitj\u00e0.<\/p>\n\n\n\n<p>Aquest pr\u00f2xim\u00a0<strong>dimarts, 26 de novembre<\/strong>, a les<strong>\u00a017\u202fh del capvespre<\/strong>, es dur\u00e0 a terme la primera xerrada. La ponent ser\u00e0\u00a0<strong>Anna Sunra<\/strong>, artista digital\u00a0especialitzada en\u00a0<strong>concept art\u00a0<\/strong>de personatges.\u00a0L\u2019esdeveniment es realitzar\u00e0 en streaming al canal de\u00a0<strong>YouTube\u00a0<\/strong>que hem creat espec\u00edficament per a aquest prop\u00f2sit, espai on quedar\u00e0 enregistrat.<\/p>\n\n\n\n<p>La xerrada tindr\u00e0 format d&#8217;entrevista amb mostra i comentari d&#8217;alguns treballs de l&#8217;artista. A m\u00e9s, es formularan les preguntes que els espectadors plantegin a trav\u00e9s del xat del canal.&nbsp;<\/p>\n\n\n\n<p>Podreu accedir a la xerrada a trav\u00e9s del seg\u00fcent enlla\u00e7:\u00a0<a href=\"https:\/\/www.youtube.com\/watch?v=4riWkAks3no\" target=\"_blank\" rel=\"noreferrer noopener\">https:\/\/www.youtube.com\/watch?v=4riWkAks3no<\/a> <\/p>\n\n\n\n<p>A m\u00e9s, pus podeu subscriure al canal, si estau interessats a rebre informaci\u00f3 de les seg\u00fcents xerrades.<\/p>\n","protected":false},"excerpt":{"rendered":"<p>Al Departament d\u2019Animacions, 3D, Videojocs i Entorns Interactius, organitza un cicle de xerrades amb professionals del sector de l\u2019animaci\u00f3 i els videojocs.\u00a0 Aquestes converses tenen l&#8217;objectiu d&#8217;aportar informaci\u00f3 valuosa als &#8230;<\/p>\n","protected":false},"author":1,"featured_media":4922,"comment_status":"closed","ping_status":"closed","sticky":false,"template":"","format":"standard","meta":{"jetpack_post_was_ever_published":false,"_jetpack_newsletter_access":"","_jetpack_dont_email_post_to_subs":false,"_jetpack_newsletter_tier_id":0,"_jetpack_memberships_contains_paywalled_content":false,"_jetpack_memberships_contains_paid_content":false,"footnotes":"","jetpack_publicize_message":"","jetpack_publicize_feature_enabled":true,"jetpack_social_post_already_shared":true,"jetpack_social_options":{"image_generator_settings":{"template":"highway","default_image_id":0,"font":"","enabled":false},"version":2}},"categories":[2],"tags":[],"class_list":["post-4921","post","type-post","status-publish","format-standard","has-post-thumbnail","hentry","category-novetats"],"jetpack_publicize_connections":[],"jetpack_featured_media_url":"https:\/\/i0.wp.com\/iedib.net\/wordpress\/wp-content\/uploads\/2024\/11\/Xerrada-Ana-Sunra-26N24-2br.png?fit=6668%2C3751&ssl=1","jetpack_sharing_enabled":true,"jetpack_shortlink":"https:\/\/wp.me\/pa5Owj-1hn","jetpack-related-posts":[{"id":5530,"url":"https:\/\/iedib.net\/wordpress\/?p=5530","url_meta":{"origin":4921,"position":0},"title":"3D Talks! Xerrada amb Pablo Sahuquillo","author":"wp_admin","date":"19 novembre, 2025","format":false,"excerpt":"Aquest\u00a0dijous a les 17 hores\u00a0conversarem amb\u00a0en\u00a0Pablo Sahuquillo, dissenyador de fons per a animaci\u00f3 i desenvolupador visual, autor dels backgrounds de les pel\u00b7l\u00edcules\u00a0Robot Dreams\u00a0(guanyadora d\u2019un Goya) i\u00a0Decorado\u00a0(estrada enguany).\u00a0 Podeu accedir a la retransmissi\u00f3 en directe a trav\u00e9s del nostre canal Youtube @Animacio3D_IEDIB o clicant a aquest ENLLA\u00c7 DIRECTE. https:\/\/www.youtube.com\/watch?v=T4IWdXDdxOY La xerrada\u2026","rel":"","context":"A &quot;Novetats&quot;","block_context":{"text":"Novetats","link":"https:\/\/iedib.net\/wordpress\/?cat=2"},"img":{"alt_text":"","src":"https:\/\/i0.wp.com\/iedib.net\/wordpress\/wp-content\/uploads\/2025\/11\/sahuquillo.png?fit=778%2C481&ssl=1&resize=350%2C200","width":350,"height":200,"srcset":"https:\/\/i0.wp.com\/iedib.net\/wordpress\/wp-content\/uploads\/2025\/11\/sahuquillo.png?fit=778%2C481&ssl=1&resize=350%2C200 1x, https:\/\/i0.wp.com\/iedib.net\/wordpress\/wp-content\/uploads\/2025\/11\/sahuquillo.png?fit=778%2C481&ssl=1&resize=525%2C300 1.5x, https:\/\/i0.wp.com\/iedib.net\/wordpress\/wp-content\/uploads\/2025\/11\/sahuquillo.png?fit=778%2C481&ssl=1&resize=700%2C400 2x"},"classes":[]},{"id":4719,"url":"https:\/\/iedib.net\/wordpress\/?p=4719","url_meta":{"origin":4921,"position":1},"title":"Llista provisional d&#8217;admesos del curs d&#8217;especialitzaci\u00f3 en intel\u00b7lig\u00e8ncia artificial","author":"wp_admin","date":"10 setembre, 2024","format":false,"excerpt":"Llista provisional d\u2019admesos (2a fase) del curs d'especialitzaci\u00f3 en intel\u00b7lig\u00e8ncia artificial Llistat Al seg\u00fcent videotutorial podeu veure com consultar pel vostre DNI si estau o no admesos. Tamb\u00e9 ho podeu consultar amb el n\u00famero DNI i la data de naixement a la\u00a0seg\u00fcent p\u00e0gina. Podeu presentar reclamacions telem\u00e0ticament mitjan\u00e7ant el sistema\u2026","rel":"","context":"A &quot;Novetats&quot;","block_context":{"text":"Novetats","link":"https:\/\/iedib.net\/wordpress\/?cat=2"},"img":{"alt_text":"art notebook office pencil","src":"https:\/\/i0.wp.com\/iedib.net\/wordpress\/wp-content\/uploads\/2021\/09\/pexels-photo-8386687-edited.jpeg?fit=1200%2C750&ssl=1&resize=350%2C200","width":350,"height":200,"srcset":"https:\/\/i0.wp.com\/iedib.net\/wordpress\/wp-content\/uploads\/2021\/09\/pexels-photo-8386687-edited.jpeg?fit=1200%2C750&ssl=1&resize=350%2C200 1x, https:\/\/i0.wp.com\/iedib.net\/wordpress\/wp-content\/uploads\/2021\/09\/pexels-photo-8386687-edited.jpeg?fit=1200%2C750&ssl=1&resize=525%2C300 1.5x, https:\/\/i0.wp.com\/iedib.net\/wordpress\/wp-content\/uploads\/2021\/09\/pexels-photo-8386687-edited.jpeg?fit=1200%2C750&ssl=1&resize=700%2C400 2x, https:\/\/i0.wp.com\/iedib.net\/wordpress\/wp-content\/uploads\/2021\/09\/pexels-photo-8386687-edited.jpeg?fit=1200%2C750&ssl=1&resize=1050%2C600 3x"},"classes":[]},{"id":2523,"url":"https:\/\/iedib.net\/wordpress\/?p=2523","url_meta":{"origin":4921,"position":2},"title":"Llista provisional d&#8217;admesos de tots els cicles de F.P. de L&#8217;IEDIB","author":"wp_admin","date":"18 setembre, 2025","format":false,"excerpt":"Llista provisional d'admesos de tots els cicles de F.P. de L'IEDIB CFGM Atenci\u00f3 a persones en situaci\u00f3 a la depend\u00e8ncia. CFGM Emerg\u00e8ncies sanit\u00e0ries CFGM Instal\u00b7lacions el\u00e8ctriques i autom\u00e0tiques CFGM Sistemes microinform\u00e0tics i xarxes CFGS Administraci\u00f3 de sistemes inform\u00e0tics en xarxa CFGS Animacions 3D CFGS Integraci\u00f3 social CFGS Edificacions M\u00f2duls transversals\u2026","rel":"","context":"A &quot;Novetats&quot;","block_context":{"text":"Novetats","link":"https:\/\/iedib.net\/wordpress\/?cat=2"},"img":{"alt_text":"","src":"https:\/\/i0.wp.com\/iedib.net\/wordpress\/wp-content\/uploads\/2020\/05\/imatge-iedib-twitter-1.jpg?fit=1200%2C682&ssl=1&resize=350%2C200","width":350,"height":200,"srcset":"https:\/\/i0.wp.com\/iedib.net\/wordpress\/wp-content\/uploads\/2020\/05\/imatge-iedib-twitter-1.jpg?fit=1200%2C682&ssl=1&resize=350%2C200 1x, https:\/\/i0.wp.com\/iedib.net\/wordpress\/wp-content\/uploads\/2020\/05\/imatge-iedib-twitter-1.jpg?fit=1200%2C682&ssl=1&resize=525%2C300 1.5x, https:\/\/i0.wp.com\/iedib.net\/wordpress\/wp-content\/uploads\/2020\/05\/imatge-iedib-twitter-1.jpg?fit=1200%2C682&ssl=1&resize=700%2C400 2x, https:\/\/i0.wp.com\/iedib.net\/wordpress\/wp-content\/uploads\/2020\/05\/imatge-iedib-twitter-1.jpg?fit=1200%2C682&ssl=1&resize=1050%2C600 3x"},"classes":[]},{"id":3476,"url":"https:\/\/iedib.net\/wordpress\/?p=3476","url_meta":{"origin":4921,"position":3},"title":"Llista provisional d\u2019admesos de tots els cicles d&#8217;FP de l\u2019IEDIB curs 24-25","author":"wp_admin","date":"19 setembre, 2024","format":false,"excerpt":"Llista provisional d\u2019admesos de tots els cicles d'FP de l\u2019IEDIB CFGM Atenci\u00f3 a persones en situaci\u00f3 a la depend\u00e8ncia. CFGM emerg\u00e8ncies sanit\u00e0ries CFGM Instal\u00b7lacions el\u00e8ctriques i autom\u00e0tiques CFGM Sistemes microinform\u00e0tics i xarxes CFGS projectes d'edificacions CFGS Administraci\u00f3 de sistemes inform\u00e0tics en xarxa CFGS Animacions 3D, jocs i entorns interactius Al\u2026","rel":"","context":"A &quot;Novetats&quot;","block_context":{"text":"Novetats","link":"https:\/\/iedib.net\/wordpress\/?cat=2"},"img":{"alt_text":"","src":"https:\/\/i0.wp.com\/iedib.net\/wordpress\/wp-content\/uploads\/2022\/07\/iedib-estudis-batxillerat.jpg?fit=788%2C527&ssl=1&resize=350%2C200","width":350,"height":200,"srcset":"https:\/\/i0.wp.com\/iedib.net\/wordpress\/wp-content\/uploads\/2022\/07\/iedib-estudis-batxillerat.jpg?fit=788%2C527&ssl=1&resize=350%2C200 1x, https:\/\/i0.wp.com\/iedib.net\/wordpress\/wp-content\/uploads\/2022\/07\/iedib-estudis-batxillerat.jpg?fit=788%2C527&ssl=1&resize=525%2C300 1.5x, https:\/\/i0.wp.com\/iedib.net\/wordpress\/wp-content\/uploads\/2022\/07\/iedib-estudis-batxillerat.jpg?fit=788%2C527&ssl=1&resize=700%2C400 2x"},"classes":[]},{"id":5910,"url":"https:\/\/iedib.net\/wordpress\/?p=5910","url_meta":{"origin":4921,"position":4},"title":"\ud83c\udfc6 Un alumne de l\u2019IEDIB guanya el repte d\u2019ASINEM a l\u2019Hackathon InnovaFP 2026","author":"wp_admin","date":"31 mar\u00e7, 2026","format":false,"excerpt":"L\u2019IEDIB vol felicitar el nostre alumne Bismarque Brener Silva de Oliveira, que ha format part de l\u2019equip guanyador del repte plantejat per l\u2019empresa ASINEM a l\u2019Hackathon InnovaFP 2026. Bismarque va ser, a m\u00e9s, l\u2019\u00fanic alumne seleccionat del nostre centre entre els sis candidats que es varen presentar, fet que encara\u2026","rel":"","context":"A &quot;Novetats&quot;","block_context":{"text":"Novetats","link":"https:\/\/iedib.net\/wordpress\/?cat=2"},"img":{"alt_text":"","src":"https:\/\/i0.wp.com\/iedib.net\/wordpress\/wp-content\/uploads\/2026\/03\/LOGO-Hackaton-innovafp-4-1024x1024-1.png?fit=1024%2C1024&ssl=1&resize=350%2C200","width":350,"height":200,"srcset":"https:\/\/i0.wp.com\/iedib.net\/wordpress\/wp-content\/uploads\/2026\/03\/LOGO-Hackaton-innovafp-4-1024x1024-1.png?fit=1024%2C1024&ssl=1&resize=350%2C200 1x, https:\/\/i0.wp.com\/iedib.net\/wordpress\/wp-content\/uploads\/2026\/03\/LOGO-Hackaton-innovafp-4-1024x1024-1.png?fit=1024%2C1024&ssl=1&resize=525%2C300 1.5x, https:\/\/i0.wp.com\/iedib.net\/wordpress\/wp-content\/uploads\/2026\/03\/LOGO-Hackaton-innovafp-4-1024x1024-1.png?fit=1024%2C1024&ssl=1&resize=700%2C400 2x"},"classes":[]},{"id":1836,"url":"https:\/\/iedib.net\/wordpress\/?p=1836","url_meta":{"origin":4921,"position":5},"title":"Obert el proc\u00e9s d&#8217;admissi\u00f3 de FP a dist\u00e0ncia","author":"wp_admin","date":"2 setembre, 2019","format":false,"excerpt":"Recordau que el termini del proc\u00e9s d'admissi\u00f3 del cicles de FP a dist\u00e0ncia va del dia 2 al 13 de setembre. Heu d'enregistrar la sol\u00b7licitud telem\u00e0tica que trobareu a l'apartat matr\u00edcula de FP de la nostra web. Una vegada enregistrada l'heu d'imprimir, signar i presentar tota la documentaci\u00f3 requerida. Per\u2026","rel":"","context":"A &quot;Novetats&quot;","block_context":{"text":"Novetats","link":"https:\/\/iedib.net\/wordpress\/?cat=2"},"img":{"alt_text":"","src":"https:\/\/i0.wp.com\/iedib.net\/wordpress\/wp-content\/uploads\/2019\/03\/electrician-3087536_960_720.jpg?fit=960%2C640&ssl=1&resize=350%2C200","width":350,"height":200,"srcset":"https:\/\/i0.wp.com\/iedib.net\/wordpress\/wp-content\/uploads\/2019\/03\/electrician-3087536_960_720.jpg?fit=960%2C640&ssl=1&resize=350%2C200 1x, https:\/\/i0.wp.com\/iedib.net\/wordpress\/wp-content\/uploads\/2019\/03\/electrician-3087536_960_720.jpg?fit=960%2C640&ssl=1&resize=525%2C300 1.5x, https:\/\/i0.wp.com\/iedib.net\/wordpress\/wp-content\/uploads\/2019\/03\/electrician-3087536_960_720.jpg?fit=960%2C640&ssl=1&resize=700%2C400 2x"},"classes":[]}],"_links":{"self":[{"href":"https:\/\/iedib.net\/wordpress\/index.php?rest_route=\/wp\/v2\/posts\/4921","targetHints":{"allow":["GET"]}}],"collection":[{"href":"https:\/\/iedib.net\/wordpress\/index.php?rest_route=\/wp\/v2\/posts"}],"about":[{"href":"https:\/\/iedib.net\/wordpress\/index.php?rest_route=\/wp\/v2\/types\/post"}],"author":[{"embeddable":true,"href":"https:\/\/iedib.net\/wordpress\/index.php?rest_route=\/wp\/v2\/users\/1"}],"replies":[{"embeddable":true,"href":"https:\/\/iedib.net\/wordpress\/index.php?rest_route=%2Fwp%2Fv2%2Fcomments&post=4921"}],"version-history":[{"count":1,"href":"https:\/\/iedib.net\/wordpress\/index.php?rest_route=\/wp\/v2\/posts\/4921\/revisions"}],"predecessor-version":[{"id":4923,"href":"https:\/\/iedib.net\/wordpress\/index.php?rest_route=\/wp\/v2\/posts\/4921\/revisions\/4923"}],"wp:featuredmedia":[{"embeddable":true,"href":"https:\/\/iedib.net\/wordpress\/index.php?rest_route=\/wp\/v2\/media\/4922"}],"wp:attachment":[{"href":"https:\/\/iedib.net\/wordpress\/index.php?rest_route=%2Fwp%2Fv2%2Fmedia&parent=4921"}],"wp:term":[{"taxonomy":"category","embeddable":true,"href":"https:\/\/iedib.net\/wordpress\/index.php?rest_route=%2Fwp%2Fv2%2Fcategories&post=4921"},{"taxonomy":"post_tag","embeddable":true,"href":"https:\/\/iedib.net\/wordpress\/index.php?rest_route=%2Fwp%2Fv2%2Ftags&post=4921"}],"curies":[{"name":"wp","href":"https:\/\/api.w.org\/{rel}","templated":true}]}}