{"id":3457,"date":"2022-09-16T09:40:22","date_gmt":"2022-09-16T07:40:22","guid":{"rendered":"https:\/\/iedib.net\/wordpress\/?p=3457"},"modified":"2022-09-16T09:40:22","modified_gmt":"2022-09-16T07:40:22","slug":"ampliacio-de-termini-per-fer-el-tramit-damissio-dfp-a-distancia","status":"publish","type":"post","link":"https:\/\/iedib.net\/wordpress\/?p=3457","title":{"rendered":"Ampliaci\u00f3 de termini per fer el tr\u00e0mit d&#8217;amissi\u00f3 d&#8217;FP a dist\u00e0ncia."},"content":{"rendered":"\n<figure class=\"wp-block-image size-large\"><img data-recalc-dims=\"1\" loading=\"lazy\" decoding=\"async\" width=\"800\" height=\"200\" data-attachment-id=\"2441\" data-permalink=\"https:\/\/iedib.net\/wordpress\/?attachment_id=2441\" data-orig-file=\"https:\/\/i0.wp.com\/iedib.net\/wordpress\/wp-content\/uploads\/2020\/07\/Copia-de-batxillerat-1.png?fit=1200%2C300&amp;ssl=1\" data-orig-size=\"1200,300\" data-comments-opened=\"0\" data-image-meta=\"{&quot;aperture&quot;:&quot;0&quot;,&quot;credit&quot;:&quot;&quot;,&quot;camera&quot;:&quot;&quot;,&quot;caption&quot;:&quot;&quot;,&quot;created_timestamp&quot;:&quot;0&quot;,&quot;copyright&quot;:&quot;&quot;,&quot;focal_length&quot;:&quot;0&quot;,&quot;iso&quot;:&quot;0&quot;,&quot;shutter_speed&quot;:&quot;0&quot;,&quot;title&quot;:&quot;&quot;,&quot;orientation&quot;:&quot;0&quot;}\" data-image-title=\"Copia-de-batxillerat-1\" data-image-description=\"\" data-image-caption=\"\" data-large-file=\"https:\/\/i0.wp.com\/iedib.net\/wordpress\/wp-content\/uploads\/2020\/07\/Copia-de-batxillerat-1.png?fit=800%2C200&amp;ssl=1\" src=\"https:\/\/i0.wp.com\/iedib.net\/wordpress\/wp-content\/uploads\/2020\/07\/Copia-de-batxillerat-1.png?resize=800%2C200&#038;ssl=1\" alt=\"\" class=\"wp-image-2441\" srcset=\"https:\/\/i0.wp.com\/iedib.net\/wordpress\/wp-content\/uploads\/2020\/07\/Copia-de-batxillerat-1.png?resize=1024%2C256&amp;ssl=1 1024w, https:\/\/i0.wp.com\/iedib.net\/wordpress\/wp-content\/uploads\/2020\/07\/Copia-de-batxillerat-1.png?resize=300%2C75&amp;ssl=1 300w, https:\/\/i0.wp.com\/iedib.net\/wordpress\/wp-content\/uploads\/2020\/07\/Copia-de-batxillerat-1.png?resize=150%2C38&amp;ssl=1 150w, https:\/\/i0.wp.com\/iedib.net\/wordpress\/wp-content\/uploads\/2020\/07\/Copia-de-batxillerat-1.png?resize=768%2C192&amp;ssl=1 768w, https:\/\/i0.wp.com\/iedib.net\/wordpress\/wp-content\/uploads\/2020\/07\/Copia-de-batxillerat-1.png?w=1200&amp;ssl=1 1200w\" sizes=\"auto, (max-width: 800px) 100vw, 800px\" \/><figcaption>A causa dels problemes relacionats amb el mal funcionament del tr\u00e0mit d&#8217;admissi\u00f3 d&#8217;FP a dist\u00e0ncia que varen succeir el 15 de setembre, des de la Direcci\u00f3 General d&#8217;FP s&#8217;ha ampliat un dia el termini per fer sol\u00b7licituds. Aix\u00ed, teniu la sol\u00b7licitud oberta excepcionalment el dia 16 de setembre. Teniu els tr\u00e0mits a la<a rel=\"noreferrer noopener\" href=\"https:\/\/iedib.net\/wordpress\/?page_id=122\" target=\"_blank\"> secci\u00f3 de matr\u00edcula d&#8217;FP<\/a>.<\/figcaption><\/figure>\n","protected":false},"excerpt":{"rendered":"","protected":false},"author":1,"featured_media":3405,"comment_status":"closed","ping_status":"closed","sticky":false,"template":"","format":"standard","meta":{"jetpack_post_was_ever_published":false,"_jetpack_newsletter_access":"","_jetpack_dont_email_post_to_subs":false,"_jetpack_newsletter_tier_id":0,"_jetpack_memberships_contains_paywalled_content":false,"_jetpack_memberships_contains_paid_content":false,"footnotes":"","jetpack_publicize_message":"","jetpack_publicize_feature_enabled":true,"jetpack_social_post_already_shared":true,"jetpack_social_options":{"image_generator_settings":{"template":"highway","default_image_id":0,"font":"","enabled":false},"version":2}},"categories":[2],"tags":[],"class_list":["post-3457","post","type-post","status-publish","format-standard","has-post-thumbnail","hentry","category-novetats"],"jetpack_publicize_connections":[],"jetpack_featured_media_url":"https:\/\/i0.wp.com\/iedib.net\/wordpress\/wp-content\/uploads\/2022\/07\/iedib-estudis-programa-xarxa.jpg?fit=788%2C527&ssl=1","jetpack_sharing_enabled":true,"jetpack_shortlink":"https:\/\/wp.me\/pa5Owj-TL","jetpack-related-posts":[{"id":2479,"url":"https:\/\/iedib.net\/wordpress\/?p=2479","url_meta":{"origin":3457,"position":0},"title":"Proc\u00e9s de preinscripci\u00f3 de FP a dist\u00e0ncia","author":"wp_admin","date":"29 agost, 2020","format":false,"excerpt":"Recordau que el termini del proc\u00e9s d\u2019admissi\u00f3 del cicles de FP a dist\u00e0ncia va del dia 1 al 15 de setembre. Heu d\u2019enregistrar la sol\u00b7licitud telem\u00e0tica que trobareu a l\u2019apartat\u00a0matr\u00edcula de FP\u00a0de la nostra web. Ho podeu fer tot telem\u00e0ticament (si teniu clau Gestib o cl@ve) o presencialment si no\u2026","rel":"","context":"A &quot;Novetats&quot;","block_context":{"text":"Novetats","link":"https:\/\/iedib.net\/wordpress\/?cat=2"},"img":{"alt_text":"","src":"https:\/\/i0.wp.com\/iedib.net\/wordpress\/wp-content\/uploads\/2020\/04\/imatge-iedib-twitter-2.jpg?fit=1200%2C681&ssl=1&resize=350%2C200","width":350,"height":200,"srcset":"https:\/\/i0.wp.com\/iedib.net\/wordpress\/wp-content\/uploads\/2020\/04\/imatge-iedib-twitter-2.jpg?fit=1200%2C681&ssl=1&resize=350%2C200 1x, https:\/\/i0.wp.com\/iedib.net\/wordpress\/wp-content\/uploads\/2020\/04\/imatge-iedib-twitter-2.jpg?fit=1200%2C681&ssl=1&resize=525%2C300 1.5x, https:\/\/i0.wp.com\/iedib.net\/wordpress\/wp-content\/uploads\/2020\/04\/imatge-iedib-twitter-2.jpg?fit=1200%2C681&ssl=1&resize=700%2C400 2x, https:\/\/i0.wp.com\/iedib.net\/wordpress\/wp-content\/uploads\/2020\/04\/imatge-iedib-twitter-2.jpg?fit=1200%2C681&ssl=1&resize=1050%2C600 3x"},"classes":[]},{"id":1836,"url":"https:\/\/iedib.net\/wordpress\/?p=1836","url_meta":{"origin":3457,"position":1},"title":"Obert el proc\u00e9s d&#8217;admissi\u00f3 de FP a dist\u00e0ncia","author":"wp_admin","date":"2 setembre, 2019","format":false,"excerpt":"Recordau que el termini del proc\u00e9s d'admissi\u00f3 del cicles de FP a dist\u00e0ncia va del dia 2 al 13 de setembre. Heu d'enregistrar la sol\u00b7licitud telem\u00e0tica que trobareu a l'apartat matr\u00edcula de FP de la nostra web. Una vegada enregistrada l'heu d'imprimir, signar i presentar tota la documentaci\u00f3 requerida. Per\u2026","rel":"","context":"A &quot;Novetats&quot;","block_context":{"text":"Novetats","link":"https:\/\/iedib.net\/wordpress\/?cat=2"},"img":{"alt_text":"","src":"https:\/\/i0.wp.com\/iedib.net\/wordpress\/wp-content\/uploads\/2019\/03\/electrician-3087536_960_720.jpg?fit=960%2C640&ssl=1&resize=350%2C200","width":350,"height":200,"srcset":"https:\/\/i0.wp.com\/iedib.net\/wordpress\/wp-content\/uploads\/2019\/03\/electrician-3087536_960_720.jpg?fit=960%2C640&ssl=1&resize=350%2C200 1x, https:\/\/i0.wp.com\/iedib.net\/wordpress\/wp-content\/uploads\/2019\/03\/electrician-3087536_960_720.jpg?fit=960%2C640&ssl=1&resize=525%2C300 1.5x, https:\/\/i0.wp.com\/iedib.net\/wordpress\/wp-content\/uploads\/2019\/03\/electrician-3087536_960_720.jpg?fit=960%2C640&ssl=1&resize=700%2C400 2x"},"classes":[]},{"id":3476,"url":"https:\/\/iedib.net\/wordpress\/?p=3476","url_meta":{"origin":3457,"position":2},"title":"Llista provisional d\u2019admesos de tots els cicles d&#8217;FP de l\u2019IEDIB curs 24-25","author":"wp_admin","date":"19 setembre, 2024","format":false,"excerpt":"Llista provisional d\u2019admesos de tots els cicles d'FP de l\u2019IEDIB CFGM Atenci\u00f3 a persones en situaci\u00f3 a la depend\u00e8ncia. CFGM emerg\u00e8ncies sanit\u00e0ries CFGM Instal\u00b7lacions el\u00e8ctriques i autom\u00e0tiques CFGM Sistemes microinform\u00e0tics i xarxes CFGS projectes d'edificacions CFGS Administraci\u00f3 de sistemes inform\u00e0tics en xarxa CFGS Animacions 3D, jocs i entorns interactius Al\u2026","rel":"","context":"A &quot;Novetats&quot;","block_context":{"text":"Novetats","link":"https:\/\/iedib.net\/wordpress\/?cat=2"},"img":{"alt_text":"","src":"https:\/\/i0.wp.com\/iedib.net\/wordpress\/wp-content\/uploads\/2022\/07\/iedib-estudis-batxillerat.jpg?fit=788%2C527&ssl=1&resize=350%2C200","width":350,"height":200,"srcset":"https:\/\/i0.wp.com\/iedib.net\/wordpress\/wp-content\/uploads\/2022\/07\/iedib-estudis-batxillerat.jpg?fit=788%2C527&ssl=1&resize=350%2C200 1x, https:\/\/i0.wp.com\/iedib.net\/wordpress\/wp-content\/uploads\/2022\/07\/iedib-estudis-batxillerat.jpg?fit=788%2C527&ssl=1&resize=525%2C300 1.5x, https:\/\/i0.wp.com\/iedib.net\/wordpress\/wp-content\/uploads\/2022\/07\/iedib-estudis-batxillerat.jpg?fit=788%2C527&ssl=1&resize=700%2C400 2x"},"classes":[]},{"id":521,"url":"https:\/\/iedib.net\/wordpress\/?p=521","url_meta":{"origin":3457,"position":3},"title":"Calendari del proc\u00e9s d&#8217;admissi\u00f3 i matr\u00edcula de FP a dist\u00e0ncia","author":"wp_admin","date":"26 juliol, 2018","format":false,"excerpt":"Proc\u00e9s Termini FASE A: Enregistrar la sol\u00b7licitud telem\u00e0tica i presentaci\u00f3 de tota la documentaci\u00f3. Assessorament presencial i\/o telem\u00e0tic si escau 3 al 14 de setembre Publicacions de llistes provisionals i definitives d\u2019alumnes preferents. 7 i 13 de setembre Publicacions de llistes provisionals d\u2019alumnes admesos. 21 de setembre Reclamacions i revisions\u2026","rel":"","context":"A &quot;Novetats&quot;","block_context":{"text":"Novetats","link":"https:\/\/iedib.net\/wordpress\/?cat=2"},"img":{"alt_text":"","src":"https:\/\/i0.wp.com\/iedib.net\/wordpress\/wp-content\/uploads\/2018\/07\/images.jpg?resize=350%2C200&ssl=1","width":350,"height":200},"classes":[]},{"id":1729,"url":"https:\/\/iedib.net\/wordpress\/?p=1729","url_meta":{"origin":3457,"position":4},"title":"Calendari del proc\u00e9s d&#8217;admissi\u00f3 a formaci\u00f3 professional a dist\u00e0ncia","author":"wp_admin","date":"26 juny, 2019","format":false,"excerpt":"\u00a0 Calendari definitiu d'admissi\u00f3 i matr\u00edcula de FP a dist\u00e0ncia Proc\u00e9s Termini FASE A: Enregistrar la sol\u00b7licitud telem\u00e0tica i presentaci\u00f3 de tota la documentaci\u00f3. Assessorament presencial i\/o telem\u00e0tic si escau. Del 2 al 13 de setembre. Publicacions de llistes provisionals i definitives d\u2019alumnes preferents. Per\u00edode de reclamacions varis Del 6\u2026","rel":"","context":"A &quot;Novetats&quot;","block_context":{"text":"Novetats","link":"https:\/\/iedib.net\/wordpress\/?cat=2"},"img":{"alt_text":"","src":"https:\/\/i0.wp.com\/iedib.net\/wordpress\/wp-content\/uploads\/2018\/10\/calendar-1763587_960_720.png?fit=960%2C701&ssl=1&resize=350%2C200","width":350,"height":200,"srcset":"https:\/\/i0.wp.com\/iedib.net\/wordpress\/wp-content\/uploads\/2018\/10\/calendar-1763587_960_720.png?fit=960%2C701&ssl=1&resize=350%2C200 1x, https:\/\/i0.wp.com\/iedib.net\/wordpress\/wp-content\/uploads\/2018\/10\/calendar-1763587_960_720.png?fit=960%2C701&ssl=1&resize=525%2C300 1.5x, https:\/\/i0.wp.com\/iedib.net\/wordpress\/wp-content\/uploads\/2018\/10\/calendar-1763587_960_720.png?fit=960%2C701&ssl=1&resize=700%2C400 2x"},"classes":[]},{"id":3589,"url":"https:\/\/iedib.net\/wordpress\/?p=3589","url_meta":{"origin":3457,"position":5},"title":"Llista provisional d&#8217;admesos del curs en intel\u00b7lig\u00e8ncia artificial i big data","author":"wp_admin","date":"9 setembre, 2025","format":false,"excerpt":"Llista provisional d\u2019admesos: Curs en intel\u00b7lig\u00e8ncia artificial i big data Al seg\u00fcent videotutorial podeu veure com consultar pel vostre DNI si estau o no admesos. Tamb\u00e9 ho podeu consultar amb el n\u00famero DNI i la data de naixement a la\u00a0seg\u00fcent p\u00e0gina. Podeu presentar reclamacions telem\u00e0ticament mitjan\u00e7ant el sistema Cl@ve o\u2026","rel":"","context":"A &quot;Novetats&quot;","block_context":{"text":"Novetats","link":"https:\/\/iedib.net\/wordpress\/?cat=2"},"img":{"alt_text":"","src":"https:\/\/i0.wp.com\/iedib.net\/wordpress\/wp-content\/uploads\/2022\/07\/iedib-estudis-intelligencia-artificial.jpg?fit=788%2C527&ssl=1&resize=350%2C200","width":350,"height":200,"srcset":"https:\/\/i0.wp.com\/iedib.net\/wordpress\/wp-content\/uploads\/2022\/07\/iedib-estudis-intelligencia-artificial.jpg?fit=788%2C527&ssl=1&resize=350%2C200 1x, https:\/\/i0.wp.com\/iedib.net\/wordpress\/wp-content\/uploads\/2022\/07\/iedib-estudis-intelligencia-artificial.jpg?fit=788%2C527&ssl=1&resize=525%2C300 1.5x, https:\/\/i0.wp.com\/iedib.net\/wordpress\/wp-content\/uploads\/2022\/07\/iedib-estudis-intelligencia-artificial.jpg?fit=788%2C527&ssl=1&resize=700%2C400 2x"},"classes":[]}],"_links":{"self":[{"href":"https:\/\/iedib.net\/wordpress\/index.php?rest_route=\/wp\/v2\/posts\/3457","targetHints":{"allow":["GET"]}}],"collection":[{"href":"https:\/\/iedib.net\/wordpress\/index.php?rest_route=\/wp\/v2\/posts"}],"about":[{"href":"https:\/\/iedib.net\/wordpress\/index.php?rest_route=\/wp\/v2\/types\/post"}],"author":[{"embeddable":true,"href":"https:\/\/iedib.net\/wordpress\/index.php?rest_route=\/wp\/v2\/users\/1"}],"replies":[{"embeddable":true,"href":"https:\/\/iedib.net\/wordpress\/index.php?rest_route=%2Fwp%2Fv2%2Fcomments&post=3457"}],"version-history":[{"count":1,"href":"https:\/\/iedib.net\/wordpress\/index.php?rest_route=\/wp\/v2\/posts\/3457\/revisions"}],"predecessor-version":[{"id":3458,"href":"https:\/\/iedib.net\/wordpress\/index.php?rest_route=\/wp\/v2\/posts\/3457\/revisions\/3458"}],"wp:featuredmedia":[{"embeddable":true,"href":"https:\/\/iedib.net\/wordpress\/index.php?rest_route=\/wp\/v2\/media\/3405"}],"wp:attachment":[{"href":"https:\/\/iedib.net\/wordpress\/index.php?rest_route=%2Fwp%2Fv2%2Fmedia&parent=3457"}],"wp:term":[{"taxonomy":"category","embeddable":true,"href":"https:\/\/iedib.net\/wordpress\/index.php?rest_route=%2Fwp%2Fv2%2Fcategories&post=3457"},{"taxonomy":"post_tag","embeddable":true,"href":"https:\/\/iedib.net\/wordpress\/index.php?rest_route=%2Fwp%2Fv2%2Ftags&post=3457"}],"curies":[{"name":"wp","href":"https:\/\/api.w.org\/{rel}","templated":true}]}}