{"id":2523,"date":"2025-09-18T09:51:25","date_gmt":"2025-09-18T07:51:25","guid":{"rendered":"https:\/\/iedib.net\/wordpress\/?p=2523"},"modified":"2025-09-18T09:51:25","modified_gmt":"2025-09-18T07:51:25","slug":"llista-provisional-damesos-de-tots-els-cicles-de-f-p-de-liedib","status":"publish","type":"post","link":"https:\/\/iedib.net\/wordpress\/?p=2523","title":{"rendered":"Llista provisional d&#8217;admesos de tots els cicles de F.P. de L&#8217;IEDIB"},"content":{"rendered":"\n<figure class=\"wp-block-image size-large\"><img data-recalc-dims=\"1\" loading=\"lazy\" decoding=\"async\" width=\"800\" height=\"200\" data-attachment-id=\"2442\" data-permalink=\"https:\/\/iedib.net\/wordpress\/?attachment_id=2442\" data-orig-file=\"https:\/\/i0.wp.com\/iedib.net\/wordpress\/wp-content\/uploads\/2020\/07\/Copia-de-batxillerat-2.png?fit=1200%2C300&amp;ssl=1\" data-orig-size=\"1200,300\" data-comments-opened=\"0\" data-image-meta=\"{&quot;aperture&quot;:&quot;0&quot;,&quot;credit&quot;:&quot;&quot;,&quot;camera&quot;:&quot;&quot;,&quot;caption&quot;:&quot;&quot;,&quot;created_timestamp&quot;:&quot;0&quot;,&quot;copyright&quot;:&quot;&quot;,&quot;focal_length&quot;:&quot;0&quot;,&quot;iso&quot;:&quot;0&quot;,&quot;shutter_speed&quot;:&quot;0&quot;,&quot;title&quot;:&quot;&quot;,&quot;orientation&quot;:&quot;0&quot;}\" data-image-title=\"Copia-de-batxillerat-2\" data-image-description=\"\" data-image-caption=\"\" data-large-file=\"https:\/\/i0.wp.com\/iedib.net\/wordpress\/wp-content\/uploads\/2020\/07\/Copia-de-batxillerat-2.png?fit=800%2C200&amp;ssl=1\" src=\"https:\/\/i0.wp.com\/iedib.net\/wordpress\/wp-content\/uploads\/2020\/07\/Copia-de-batxillerat-2.png?resize=800%2C200&#038;ssl=1\" alt=\"\" class=\"wp-image-2442\" srcset=\"https:\/\/i0.wp.com\/iedib.net\/wordpress\/wp-content\/uploads\/2020\/07\/Copia-de-batxillerat-2.png?resize=1024%2C256&amp;ssl=1 1024w, https:\/\/i0.wp.com\/iedib.net\/wordpress\/wp-content\/uploads\/2020\/07\/Copia-de-batxillerat-2.png?resize=300%2C75&amp;ssl=1 300w, https:\/\/i0.wp.com\/iedib.net\/wordpress\/wp-content\/uploads\/2020\/07\/Copia-de-batxillerat-2.png?resize=150%2C38&amp;ssl=1 150w, https:\/\/i0.wp.com\/iedib.net\/wordpress\/wp-content\/uploads\/2020\/07\/Copia-de-batxillerat-2.png?resize=768%2C192&amp;ssl=1 768w, https:\/\/i0.wp.com\/iedib.net\/wordpress\/wp-content\/uploads\/2020\/07\/Copia-de-batxillerat-2.png?w=1200&amp;ssl=1 1200w\" sizes=\"auto, (max-width: 800px) 100vw, 800px\" \/><\/figure>\n\n\n\n<p><\/p>\n\n\n\n<p>Llista provisional d&#8217;admesos de tots els cicles de F.P. de L&#8217;IEDIB<\/p>\n\n\n\n<p><a href=\"https:\/\/drive.google.com\/file\/d\/1TH_r_3iXWPgeqQbuBbeqqwZXdV1D1ruH\/view?usp=drive_link\" target=\"_blank\" rel=\"noreferrer noopener\">CFGM Atenci\u00f3 a persones en situaci\u00f3 a la depend\u00e8ncia.<\/a><\/p>\n\n\n\n<p><a href=\"https:\/\/drive.google.com\/file\/d\/1fw4EXCFTH30NFObE8nL4xDzuYKxJQNNg\/view?usp=drive_link\" target=\"_blank\" rel=\"noreferrer noopener\">CFGM Emerg\u00e8ncies sanit\u00e0ries<\/a><\/p>\n\n\n\n<p><a href=\"https:\/\/drive.google.com\/file\/d\/17tkfd9RbqEEsx82vdjKnLW4YlOQ0JOwh\/view?usp=drive_link\" target=\"_blank\" rel=\"noreferrer noopener\">CFGM Instal\u00b7lacions el\u00e8ctriques i autom\u00e0tiques<\/a><\/p>\n\n\n\n<p><a href=\"https:\/\/drive.google.com\/file\/d\/1Zv02PgbdTfTwA5Shtzc6Q5dY9GjCm96E\/view?usp=drive_link\" target=\"_blank\" rel=\"noreferrer noopener\">CFGM Sistemes microinform\u00e0tics i xarxes<\/a><\/p>\n\n\n\n<p><a href=\"https:\/\/drive.google.com\/file\/d\/1JwGxmQaNWLmaP_3osPFufMrG0EfobYrP\/view?usp=drive_link\" target=\"_blank\" rel=\"noreferrer noopener\">CFGS Administraci\u00f3 de sistemes inform\u00e0tics en xarxa<\/a><\/p>\n\n\n\n<p><a href=\"https:\/\/drive.google.com\/file\/d\/1sIkif7FgDJdOu7ap-fyaTP_G3jUZobpY\/view?usp=drive_link\" target=\"_blank\" rel=\"noreferrer noopener\">CFGS Animacions 3D<\/a><\/p>\n\n\n\n<p><a href=\"https:\/\/drive.google.com\/file\/d\/16cRpZr8MBQdl8xy9RRXHFjKSFVtmCivX\/view?usp=drive_link\" target=\"_blank\" rel=\"noreferrer noopener\">CFGS Integraci\u00f3 social<\/a><\/p>\n\n\n\n<p><a href=\"https:\/\/drive.google.com\/file\/d\/14r_ZKTWYNu5rtd0Xlgm2yMV-nv-T5wSU\/view?usp=drive_link\" target=\"_blank\" rel=\"noreferrer noopener\">CFGS Edificacions<\/a><\/p>\n\n\n\n<p><a href=\"https:\/\/drive.google.com\/file\/d\/1WooicR74QyPjDlv2F_kIFHqZDAnnBFuC\/view?usp=drive_link\" target=\"_blank\" rel=\"noreferrer noopener\">M\u00f2duls transversals CFGM<\/a><\/p>\n\n\n\n<p><a href=\"https:\/\/drive.google.com\/file\/d\/1yjsriHB9wfin1C5RW_KLC2hXXLHGvgIM\/view?usp=drive_link\" target=\"_blank\" rel=\"noreferrer noopener\">M\u00f2duls transversals CFGS<\/a><\/p>\n\n\n\n<p>Al&nbsp;<a href=\"https:\/\/youtu.be\/clfBxt0NnUo\">seg\u00fcent videotutorial<\/a>&nbsp;podeu veure com consultar pel vostre DNI si estau o no admesos. Tamb\u00e9 ho podeu consultar amb el n\u00famero DNI i la data de naixement&nbsp;<a href=\"https:\/\/www.caib.es\/sites\/fp\/ca\/admissio_fp_25-26\/\" target=\"_blank\" rel=\"noreferrer noopener\">a la&nbsp;seg\u00fcent p\u00e0gina<\/a>.<\/p>\n\n\n\n<p>Podeu presentar reclamacions telem\u00e0ticament mitjan\u00e7ant el sistema Cl@ve o amb el codi d\u2019usuari del Gestib o l\u2019usuari CAIB. El tr\u00e0mit de reclamaci\u00f3 es troba a\u00a0<a href=\"https:\/\/www.caib.es\/sistrafront\/sistrafront\/inicio?language=ca&amp;modelo=EC0061RECL&amp;version=1\" target=\"_blank\" rel=\"noreferrer noopener\">la p\u00e0gina web de Formaci\u00f3 Professional<\/a>\u00a0de la Direcci\u00f3 General de Formaci\u00f3 Professional i Ensenyaments Art\u00edstics Superiors. En cas contrari, heu de presentar el\u00a0<a href=\"https:\/\/drive.google.com\/file\/d\/1PE8chQR8cXYId-z10ydIR9ALkbGlnKJY\/view\" target=\"_blank\" rel=\"noreferrer noopener\">model de sol\u00b7licitud general<\/a>\u00a0de forma presencial a l\u2019IEDIB pels alumnes que resideixen a Mallorca, o les respectives delegacions territorials d\u2019Educaci\u00f3 de Menorca o Eivissa en el cas dels alumnes de les altres illes degudament signada i amb fotoc\u00f2pia del DNI adjunta, de 9:00 a 14:00\u202fh, junt amb tota la documentaci\u00f3. El\u00a0<strong>termini de reclamacions acaba dia 22 de setembre.<\/strong><\/p>\n\n\n\n<p>Recordau que heu d\u2019esperar a la<strong>\u00a0llista definitiva<\/strong>\u00a0que es publicar\u00e0 dia\u00a0<strong>29 de setembre<\/strong>\u00a0per tenir assegurada la pla\u00e7a. Una vegada publicada, rebreu un correu per fer la matr\u00edcula telem\u00e0tica\u00a0<a href=\"https:\/\/youtu.be\/xp04ydxpPdQ\" target=\"_blank\" rel=\"noreferrer noopener\">seguint aquest procediment<\/a>. <\/p>\n","protected":false},"excerpt":{"rendered":"<p>Llista provisional d&#8217;admesos de tots els cicles de F.P. de L&#8217;IEDIB CFGM Atenci\u00f3 a persones en situaci\u00f3 a la depend\u00e8ncia. CFGM Emerg\u00e8ncies sanit\u00e0ries CFGM Instal\u00b7lacions el\u00e8ctriques i autom\u00e0tiques CFGM Sistemes &#8230;<\/p>\n","protected":false},"author":1,"featured_media":2296,"comment_status":"closed","ping_status":"closed","sticky":false,"template":"","format":"standard","meta":{"jetpack_post_was_ever_published":false,"_jetpack_newsletter_access":"","_jetpack_dont_email_post_to_subs":false,"_jetpack_newsletter_tier_id":0,"_jetpack_memberships_contains_paywalled_content":false,"_jetpack_memberships_contains_paid_content":false,"footnotes":"","jetpack_publicize_message":"","jetpack_publicize_feature_enabled":true,"jetpack_social_post_already_shared":true,"jetpack_social_options":{"image_generator_settings":{"template":"highway","default_image_id":0,"font":"","enabled":false},"version":2}},"categories":[2],"tags":[],"class_list":["post-2523","post","type-post","status-publish","format-standard","has-post-thumbnail","hentry","category-novetats"],"jetpack_publicize_connections":[],"jetpack_featured_media_url":"https:\/\/i0.wp.com\/iedib.net\/wordpress\/wp-content\/uploads\/2020\/05\/imatge-iedib-twitter-1.jpg?fit=2026%2C1152&ssl=1","jetpack_sharing_enabled":true,"jetpack_shortlink":"https:\/\/wp.me\/pa5Owj-EH","jetpack-related-posts":[{"id":5456,"url":"https:\/\/iedib.net\/wordpress\/?p=5456","url_meta":{"origin":2523,"position":0},"title":"Llistats definitius d&#8217;admesos de tots els cicles de F.P. de l&#8217;IEDIB","author":"wp_admin","date":"29 setembre, 2025","format":false,"excerpt":"Llistats definitius d'admesos de tots els cicles de F.P. de l'IEDIB CFGM Atenci\u00f3 a persones en situaci\u00f3 a la depend\u00e8ncia. CFGM Emerg\u00e8ncies sanit\u00e0ries CFGM Instal\u00b7lacions el\u00e8ctriques i autom\u00e0tiques CFGM Sistemes microinform\u00e0tics i xarxes CFGS Administraci\u00f3 de sistemes inform\u00e0tics en xarxa CFGS Animacions 3D CFGS Integraci\u00f3 social CFGS Edificacions M\u00f2duls transversals\u2026","rel":"","context":"A &quot;Novetats&quot;","block_context":{"text":"Novetats","link":"https:\/\/iedib.net\/wordpress\/?cat=2"},"img":{"alt_text":"art notebook office pencil","src":"https:\/\/i0.wp.com\/iedib.net\/wordpress\/wp-content\/uploads\/2021\/09\/pexels-photo-8386687.jpeg?fit=1200%2C800&ssl=1&resize=350%2C200","width":350,"height":200,"srcset":"https:\/\/i0.wp.com\/iedib.net\/wordpress\/wp-content\/uploads\/2021\/09\/pexels-photo-8386687.jpeg?fit=1200%2C800&ssl=1&resize=350%2C200 1x, https:\/\/i0.wp.com\/iedib.net\/wordpress\/wp-content\/uploads\/2021\/09\/pexels-photo-8386687.jpeg?fit=1200%2C800&ssl=1&resize=525%2C300 1.5x, https:\/\/i0.wp.com\/iedib.net\/wordpress\/wp-content\/uploads\/2021\/09\/pexels-photo-8386687.jpeg?fit=1200%2C800&ssl=1&resize=700%2C400 2x, https:\/\/i0.wp.com\/iedib.net\/wordpress\/wp-content\/uploads\/2021\/09\/pexels-photo-8386687.jpeg?fit=1200%2C800&ssl=1&resize=1050%2C600 3x"},"classes":[]},{"id":2558,"url":"https:\/\/iedib.net\/wordpress\/?p=2558","url_meta":{"origin":2523,"position":1},"title":"Llistes definitives d\u2019admesos de tots els cicles de F.P. de L\u2019IEDIB","author":"wp_admin","date":"29 setembre, 2020","format":false,"excerpt":"Llistes definitives d'admesos d\u2019FP de tots els cicles de l'IEDIB: CFGM Atenci\u00f3 a persones en situaci\u00f3 a la depend\u00e8ncia. CFGM emerg\u00e8ncies sanit\u00e0ries CFGM instal\u00b7lacions el\u00e8ctriques i autom\u00e0tiques CFGM Sistemes microinform\u00e0tics i xarxes CFGS Administraci\u00f3 de sistemes inform\u00e0tics en xarxa Important: Si ja sortiu a les llistes definitives, ja podeu fer\u2026","rel":"","context":"A &quot;Novetats&quot;","block_context":{"text":"Novetats","link":"https:\/\/iedib.net\/wordpress\/?cat=2"},"img":{"alt_text":"","src":"https:\/\/i0.wp.com\/iedib.net\/wordpress\/wp-content\/uploads\/2019\/03\/people-2941977_960_720-2.jpg?fit=960%2C540&ssl=1&resize=350%2C200","width":350,"height":200,"srcset":"https:\/\/i0.wp.com\/iedib.net\/wordpress\/wp-content\/uploads\/2019\/03\/people-2941977_960_720-2.jpg?fit=960%2C540&ssl=1&resize=350%2C200 1x, https:\/\/i0.wp.com\/iedib.net\/wordpress\/wp-content\/uploads\/2019\/03\/people-2941977_960_720-2.jpg?fit=960%2C540&ssl=1&resize=525%2C300 1.5x, https:\/\/i0.wp.com\/iedib.net\/wordpress\/wp-content\/uploads\/2019\/03\/people-2941977_960_720-2.jpg?fit=960%2C540&ssl=1&resize=700%2C400 2x"},"classes":[]},{"id":2997,"url":"https:\/\/iedib.net\/wordpress\/?p=2997","url_meta":{"origin":2523,"position":2},"title":"Llistes definitives d\u2019admesos de tots els cicles de F.P. de L\u2019IEDIB","author":"wp_admin","date":"29 setembre, 2021","format":false,"excerpt":"Llistes definitives d'admesos d\u2019FP de tots els cicles de l'IEDIB: CFGM Atenci\u00f3 a persones en situaci\u00f3 a la depend\u00e8ncia. CFGM emerg\u00e8ncies sanit\u00e0ries CFGM Instal\u00b7lacions el\u00e8ctriques i autom\u00e0tiques CFGM Sistemes microinform\u00e0tics i xarxes CFGS projectes d'edificacions CFGS Administraci\u00f3 de sistemes inform\u00e0tics en xarxa CFGS Animacions 3D, jocs i entorns interactius Important:\u2026","rel":"","context":"A &quot;Novetats&quot;","block_context":{"text":"Novetats","link":"https:\/\/iedib.net\/wordpress\/?cat=2"},"img":{"alt_text":"","src":"https:\/\/i0.wp.com\/iedib.net\/wordpress\/wp-content\/uploads\/2018\/09\/checklist-1622517_960_720.png?fit=720%2C720&ssl=1&resize=350%2C200","width":350,"height":200,"srcset":"https:\/\/i0.wp.com\/iedib.net\/wordpress\/wp-content\/uploads\/2018\/09\/checklist-1622517_960_720.png?fit=720%2C720&ssl=1&resize=350%2C200 1x, https:\/\/i0.wp.com\/iedib.net\/wordpress\/wp-content\/uploads\/2018\/09\/checklist-1622517_960_720.png?fit=720%2C720&ssl=1&resize=525%2C300 1.5x, https:\/\/i0.wp.com\/iedib.net\/wordpress\/wp-content\/uploads\/2018\/09\/checklist-1622517_960_720.png?fit=720%2C720&ssl=1&resize=700%2C400 2x"},"classes":[]},{"id":3476,"url":"https:\/\/iedib.net\/wordpress\/?p=3476","url_meta":{"origin":2523,"position":3},"title":"Llista provisional d\u2019admesos de tots els cicles d&#8217;FP de l\u2019IEDIB curs 24-25","author":"wp_admin","date":"19 setembre, 2024","format":false,"excerpt":"Llista provisional d\u2019admesos de tots els cicles d'FP de l\u2019IEDIB CFGM Atenci\u00f3 a persones en situaci\u00f3 a la depend\u00e8ncia. CFGM emerg\u00e8ncies sanit\u00e0ries CFGM Instal\u00b7lacions el\u00e8ctriques i autom\u00e0tiques CFGM Sistemes microinform\u00e0tics i xarxes CFGS projectes d'edificacions CFGS Administraci\u00f3 de sistemes inform\u00e0tics en xarxa CFGS Animacions 3D, jocs i entorns interactius Al\u2026","rel":"","context":"A &quot;Novetats&quot;","block_context":{"text":"Novetats","link":"https:\/\/iedib.net\/wordpress\/?cat=2"},"img":{"alt_text":"","src":"https:\/\/i0.wp.com\/iedib.net\/wordpress\/wp-content\/uploads\/2022\/07\/iedib-estudis-batxillerat.jpg?fit=788%2C527&ssl=1&resize=350%2C200","width":350,"height":200,"srcset":"https:\/\/i0.wp.com\/iedib.net\/wordpress\/wp-content\/uploads\/2022\/07\/iedib-estudis-batxillerat.jpg?fit=788%2C527&ssl=1&resize=350%2C200 1x, https:\/\/i0.wp.com\/iedib.net\/wordpress\/wp-content\/uploads\/2022\/07\/iedib-estudis-batxillerat.jpg?fit=788%2C527&ssl=1&resize=525%2C300 1.5x, https:\/\/i0.wp.com\/iedib.net\/wordpress\/wp-content\/uploads\/2022\/07\/iedib-estudis-batxillerat.jpg?fit=788%2C527&ssl=1&resize=700%2C400 2x"},"classes":[]},{"id":3548,"url":"https:\/\/iedib.net\/wordpress\/?p=3548","url_meta":{"origin":2523,"position":4},"title":"Llista definitiva d\u2019admesos de tots els cicles d\u2019FP de l\u2019IEDIB","author":"wp_admin","date":"30 setembre, 2022","format":false,"excerpt":"Llista definitiva d\u2019admesos de tots els cicles d\u2019FP de L\u2019IEDIB CFGM atenci\u00f3 a persones en situaci\u00f3 a la depend\u00e8ncia.CFGM emerg\u00e8ncies sanit\u00e0riesCFGM instal\u00b7lacions el\u00e8ctriques i autom\u00e0tiquesCFGM sistemes microinform\u00e0tics i xarxesCFGS projectes d\u2019edificacionsCFGS administraci\u00f3 de sistemes inform\u00e0tics en xarxa Al\u00a0seg\u00fcent videotutorial\u00a0podeu veure com consultar pel vostre DNI si estau o no admesos.\u2026","rel":"","context":"A &quot;Novetats&quot;","block_context":{"text":"Novetats","link":"https:\/\/iedib.net\/wordpress\/?cat=2"},"img":{"alt_text":"","src":"https:\/\/i0.wp.com\/iedib.net\/wordpress\/wp-content\/uploads\/2022\/07\/iedib-estudis-eoi.jpg?fit=788%2C527&ssl=1&resize=350%2C200","width":350,"height":200,"srcset":"https:\/\/i0.wp.com\/iedib.net\/wordpress\/wp-content\/uploads\/2022\/07\/iedib-estudis-eoi.jpg?fit=788%2C527&ssl=1&resize=350%2C200 1x, https:\/\/i0.wp.com\/iedib.net\/wordpress\/wp-content\/uploads\/2022\/07\/iedib-estudis-eoi.jpg?fit=788%2C527&ssl=1&resize=525%2C300 1.5x, https:\/\/i0.wp.com\/iedib.net\/wordpress\/wp-content\/uploads\/2022\/07\/iedib-estudis-eoi.jpg?fit=788%2C527&ssl=1&resize=700%2C400 2x"},"classes":[]},{"id":3429,"url":"https:\/\/iedib.net\/wordpress\/?p=3429","url_meta":{"origin":2523,"position":5},"title":"Llistat provisional d\u2019alumnes prioritaris dels cicles d\u2019FP a dist\u00e0ncia de l\u2019IEDIB","author":"wp_admin","date":"8 setembre, 2025","format":false,"excerpt":"Al seg\u00fcent enlla\u00e7 podeu veure el llistat provisional de provisional d\u2019alumnes prioritaris dels cicles formatius a dist\u00e0ncia de l\u2019IEDIB. Llistats: CFGM atenci\u00f3 a persones en situaci\u00f3 de depend\u00e8ncia CFGM emerg\u00e8ncies CFGM instal\u00b7lacions el\u00e8ctriques i autom\u00e0tiques CFGM sistemes microinform\u00e0tics i xarxes CFGS administraci\u00f3 de sistemes inform\u00e0tics en xarxa CFGS animacions 3D\u2026","rel":"","context":"A &quot;Novetats&quot;","block_context":{"text":"Novetats","link":"https:\/\/iedib.net\/wordpress\/?cat=2"},"img":{"alt_text":"","src":"https:\/\/i0.wp.com\/iedib.net\/wordpress\/wp-content\/uploads\/2022\/07\/iedib-estudis-minicursos.jpg?fit=788%2C527&ssl=1&resize=350%2C200","width":350,"height":200,"srcset":"https:\/\/i0.wp.com\/iedib.net\/wordpress\/wp-content\/uploads\/2022\/07\/iedib-estudis-minicursos.jpg?fit=788%2C527&ssl=1&resize=350%2C200 1x, https:\/\/i0.wp.com\/iedib.net\/wordpress\/wp-content\/uploads\/2022\/07\/iedib-estudis-minicursos.jpg?fit=788%2C527&ssl=1&resize=525%2C300 1.5x, https:\/\/i0.wp.com\/iedib.net\/wordpress\/wp-content\/uploads\/2022\/07\/iedib-estudis-minicursos.jpg?fit=788%2C527&ssl=1&resize=700%2C400 2x"},"classes":[]}],"_links":{"self":[{"href":"https:\/\/iedib.net\/wordpress\/index.php?rest_route=\/wp\/v2\/posts\/2523","targetHints":{"allow":["GET"]}}],"collection":[{"href":"https:\/\/iedib.net\/wordpress\/index.php?rest_route=\/wp\/v2\/posts"}],"about":[{"href":"https:\/\/iedib.net\/wordpress\/index.php?rest_route=\/wp\/v2\/types\/post"}],"author":[{"embeddable":true,"href":"https:\/\/iedib.net\/wordpress\/index.php?rest_route=\/wp\/v2\/users\/1"}],"replies":[{"embeddable":true,"href":"https:\/\/iedib.net\/wordpress\/index.php?rest_route=%2Fwp%2Fv2%2Fcomments&post=2523"}],"version-history":[{"count":26,"href":"https:\/\/iedib.net\/wordpress\/index.php?rest_route=\/wp\/v2\/posts\/2523\/revisions"}],"predecessor-version":[{"id":5424,"href":"https:\/\/iedib.net\/wordpress\/index.php?rest_route=\/wp\/v2\/posts\/2523\/revisions\/5424"}],"wp:featuredmedia":[{"embeddable":true,"href":"https:\/\/iedib.net\/wordpress\/index.php?rest_route=\/wp\/v2\/media\/2296"}],"wp:attachment":[{"href":"https:\/\/iedib.net\/wordpress\/index.php?rest_route=%2Fwp%2Fv2%2Fmedia&parent=2523"}],"wp:term":[{"taxonomy":"category","embeddable":true,"href":"https:\/\/iedib.net\/wordpress\/index.php?rest_route=%2Fwp%2Fv2%2Fcategories&post=2523"},{"taxonomy":"post_tag","embeddable":true,"href":"https:\/\/iedib.net\/wordpress\/index.php?rest_route=%2Fwp%2Fv2%2Ftags&post=2523"}],"curies":[{"name":"wp","href":"https:\/\/api.w.org\/{rel}","templated":true}]}}